{"id":6494,"date":"2024-04-04T11:44:54","date_gmt":"2024-04-04T11:44:54","guid":{"rendered":"https:\/\/idemag.com\/idemag-a-lifat-2024-munich\/"},"modified":"2024-04-05T10:23:28","modified_gmt":"2024-04-05T10:23:28","slug":"idemag-a-lifat-2024-munich","status":"publish","type":"post","link":"https:\/\/idemag.com\/fr\/idemag-a-lifat-2024-munich\/","title":{"rendered":"Idemag \u00e0 l&rsquo;IFAT 2024 Munich"},"content":{"rendered":"<div class=\"wp-block-image\">\n<figure class=\"aligncenter size-full\"><img fetchpriority=\"high\" decoding=\"async\" width=\"333\" height=\"284\" src=\"http:\/\/idemag.com\/wp-content\/uploads\/2024\/04\/ifat-munich.jpg\" alt=\"\" class=\"wp-image-6482\" srcset=\"https:\/\/idemag.com\/wp-content\/uploads\/2024\/04\/ifat-munich.jpg 333w, https:\/\/idemag.com\/wp-content\/uploads\/2024\/04\/ifat-munich-300x256.jpg 300w\" sizes=\"(max-width: 333px) 100vw, 333px\" \/><\/figure><\/div>\n<p>Nous rencontrerons des acteurs de l&rsquo;industrie, des recycleurs et des fournisseurs de produits ferreux et non ferreux, qui b\u00e9n\u00e9ficient des machines et \u00e9quipements de s\u00e9paration magn\u00e9tique que nous proposons.<\/p>\n\n<p class=\"has-text-align-center\"><strong>Je te vois l\u00e0-bas<\/strong>!<\/p>\n\n<p>L&rsquo;IFAT \u00e0 Munich, en Allemagne, est le salon leader mondial avec une surface d&rsquo;exposition vraiment impressionnante. Depuis de nombreuses d\u00e9cennies, il s&rsquo;est impos\u00e9 comme une r\u00e9f\u00e9rence et un point de rencontre pour notre secteur et pour toutes les technologies d&rsquo;application environnementales.<\/p>\n\n<p>L&rsquo;IFAT se d\u00e9roulera sur 5 jours, du lundi 13 mai au vendredi 17 mai 2024 \u00e0 Munich.<\/p>\n","protected":false},"excerpt":{"rendered":"<p>Nous rencontrerons des acteurs de l&rsquo;industrie, des recycleurs et des fournisseurs de produits ferreux et non ferreux, qui b\u00e9n\u00e9ficient des machines et \u00e9quipements de s\u00e9paration magn\u00e9tique que nous proposons. Je te vois l\u00e0-bas! L&rsquo;IFAT \u00e0 Munich, en Allemagne, est le salon leader mondial avec une surface d&rsquo;exposition vraiment impressionnante. Depuis de nombreuses d\u00e9cennies, il s&rsquo;est [&hellip;]<\/p>\n","protected":false},"author":1,"featured_media":6480,"comment_status":"closed","ping_status":"open","sticky":false,"template":"","format":"standard","meta":{"footnotes":""},"categories":[83],"tags":[],"class_list":["post-6494","post","type-post","status-publish","format-standard","has-post-thumbnail","hentry","category-portada-fr"],"yoast_head":"<!-- This site is optimized with the Yoast SEO plugin v23.7 - https:\/\/yoast.com\/wordpress\/plugins\/seo\/ -->\n<title>Idemag \u00e0 l&#039;IFAT 2024 Munich - Fabricaci\u00f3n de sistemas magn\u00e9ticos | Idemag<\/title>\n<meta name=\"robots\" content=\"index, follow, max-snippet:-1, max-image-preview:large, max-video-preview:-1\" \/>\n<link rel=\"canonical\" href=\"https:\/\/idemag.com\/fr\/idemag-a-lifat-2024-munich\/\" \/>\n<meta property=\"og:locale\" content=\"fr_FR\" \/>\n<meta property=\"og:type\" content=\"article\" \/>\n<meta property=\"og:title\" content=\"Idemag \u00e0 l&#039;IFAT 2024 Munich - Fabricaci\u00f3n de sistemas magn\u00e9ticos | Idemag\" \/>\n<meta property=\"og:description\" content=\"Nous rencontrerons des acteurs de l&rsquo;industrie, des recycleurs et des fournisseurs de produits ferreux et non ferreux, qui b\u00e9n\u00e9ficient des machines et \u00e9quipements de s\u00e9paration magn\u00e9tique que nous proposons. Je te vois l\u00e0-bas! L&rsquo;IFAT \u00e0 Munich, en Allemagne, est le salon leader mondial avec une surface d&rsquo;exposition vraiment impressionnante. Depuis de nombreuses d\u00e9cennies, il s&rsquo;est [&hellip;]\" \/>\n<meta property=\"og:url\" content=\"https:\/\/idemag.com\/fr\/idemag-a-lifat-2024-munich\/\" \/>\n<meta property=\"og:site_name\" content=\"Fabricaci\u00f3n de sistemas magn\u00e9ticos | Idemag\" \/>\n<meta property=\"article:publisher\" content=\"http:\/\/www.facebook.com\/pages\/IMANES-Y-DESARROLLOS-MAGNTICOS\/102898016414303\" \/>\n<meta property=\"article:published_time\" content=\"2024-04-04T11:44:54+00:00\" \/>\n<meta property=\"article:modified_time\" content=\"2024-04-05T10:23:28+00:00\" \/>\n<meta property=\"og:image\" content=\"https:\/\/idemag.com\/wp-content\/uploads\/2024\/04\/IFAT-Logo-Munich-RGB_red2-1.jpg\" \/>\n\t<meta property=\"og:image:width\" content=\"798\" \/>\n\t<meta property=\"og:image:height\" content=\"401\" \/>\n\t<meta property=\"og:image:type\" content=\"image\/jpeg\" \/>\n<meta name=\"author\" content=\"kopelia\" \/>\n<meta name=\"twitter:card\" content=\"summary_large_image\" \/>\n<meta name=\"twitter:label1\" content=\"\u00c9crit par\" \/>\n\t<meta name=\"twitter:data1\" content=\"kopelia\" \/>\n<script type=\"application\/ld+json\" class=\"yoast-schema-graph\">{\"@context\":\"https:\/\/schema.org\",\"@graph\":[{\"@type\":\"Article\",\"@id\":\"https:\/\/idemag.com\/fr\/idemag-a-lifat-2024-munich\/#article\",\"isPartOf\":{\"@id\":\"https:\/\/idemag.com\/fr\/idemag-a-lifat-2024-munich\/\"},\"author\":{\"name\":\"kopelia\",\"@id\":\"https:\/\/idemag.com\/#\/schema\/person\/b4ef2868a775decc7bf2fe66af22f264\"},\"headline\":\"Idemag \u00e0 l&rsquo;IFAT 2024 Munich\",\"datePublished\":\"2024-04-04T11:44:54+00:00\",\"dateModified\":\"2024-04-05T10:23:28+00:00\",\"mainEntityOfPage\":{\"@id\":\"https:\/\/idemag.com\/fr\/idemag-a-lifat-2024-munich\/\"},\"wordCount\":104,\"publisher\":{\"@id\":\"https:\/\/idemag.com\/#organization\"},\"image\":{\"@id\":\"https:\/\/idemag.com\/fr\/idemag-a-lifat-2024-munich\/#primaryimage\"},\"thumbnailUrl\":\"https:\/\/idemag.com\/wp-content\/uploads\/2024\/04\/IFAT-Logo-Munich-RGB_red2-1.jpg\",\"articleSection\":[\"portada\"],\"inLanguage\":\"fr-FR\"},{\"@type\":\"WebPage\",\"@id\":\"https:\/\/idemag.com\/fr\/idemag-a-lifat-2024-munich\/\",\"url\":\"https:\/\/idemag.com\/fr\/idemag-a-lifat-2024-munich\/\",\"name\":\"Idemag \u00e0 l'IFAT 2024 Munich - Fabricaci\u00f3n de sistemas magn\u00e9ticos | Idemag\",\"isPartOf\":{\"@id\":\"https:\/\/idemag.com\/#website\"},\"primaryImageOfPage\":{\"@id\":\"https:\/\/idemag.com\/fr\/idemag-a-lifat-2024-munich\/#primaryimage\"},\"image\":{\"@id\":\"https:\/\/idemag.com\/fr\/idemag-a-lifat-2024-munich\/#primaryimage\"},\"thumbnailUrl\":\"https:\/\/idemag.com\/wp-content\/uploads\/2024\/04\/IFAT-Logo-Munich-RGB_red2-1.jpg\",\"datePublished\":\"2024-04-04T11:44:54+00:00\",\"dateModified\":\"2024-04-05T10:23:28+00:00\",\"breadcrumb\":{\"@id\":\"https:\/\/idemag.com\/fr\/idemag-a-lifat-2024-munich\/#breadcrumb\"},\"inLanguage\":\"fr-FR\",\"potentialAction\":[{\"@type\":\"ReadAction\",\"target\":[\"https:\/\/idemag.com\/fr\/idemag-a-lifat-2024-munich\/\"]}]},{\"@type\":\"ImageObject\",\"inLanguage\":\"fr-FR\",\"@id\":\"https:\/\/idemag.com\/fr\/idemag-a-lifat-2024-munich\/#primaryimage\",\"url\":\"https:\/\/idemag.com\/wp-content\/uploads\/2024\/04\/IFAT-Logo-Munich-RGB_red2-1.jpg\",\"contentUrl\":\"https:\/\/idemag.com\/wp-content\/uploads\/2024\/04\/IFAT-Logo-Munich-RGB_red2-1.jpg\",\"width\":798,\"height\":401},{\"@type\":\"BreadcrumbList\",\"@id\":\"https:\/\/idemag.com\/fr\/idemag-a-lifat-2024-munich\/#breadcrumb\",\"itemListElement\":[{\"@type\":\"ListItem\",\"position\":1,\"name\":\"Home\",\"item\":\"https:\/\/idemag.com\/fr\/aimants-et-developpements-magnetiques\/\"},{\"@type\":\"ListItem\",\"position\":2,\"name\":\"Idemag \u00e0 l&rsquo;IFAT 2024 Munich\"}]},{\"@type\":\"WebSite\",\"@id\":\"https:\/\/idemag.com\/#website\",\"url\":\"https:\/\/idemag.com\/\",\"name\":\"Fabricaci\u00f3n de sistemas magn\u00e9ticos | Idemag\",\"description\":\"Desarrollo y fabricaci\u00f3n de imanes y sistemas magn\u00e9ticos a medida\",\"publisher\":{\"@id\":\"https:\/\/idemag.com\/#organization\"},\"potentialAction\":[{\"@type\":\"SearchAction\",\"target\":{\"@type\":\"EntryPoint\",\"urlTemplate\":\"https:\/\/idemag.com\/?s={search_term_string}\"},\"query-input\":{\"@type\":\"PropertyValueSpecification\",\"valueRequired\":true,\"valueName\":\"search_term_string\"}}],\"inLanguage\":\"fr-FR\"},{\"@type\":\"Organization\",\"@id\":\"https:\/\/idemag.com\/#organization\",\"name\":\"IDEMAG : Imanes y desarrollos magn\u00e9ticos S.L.\",\"url\":\"https:\/\/idemag.com\/\",\"logo\":{\"@type\":\"ImageObject\",\"inLanguage\":\"fr-FR\",\"@id\":\"https:\/\/idemag.com\/#\/schema\/logo\/image\/\",\"url\":\"http:\/\/idemag.com\/wp-content\/uploads\/2022\/06\/logo-idemag-con-subtexto-2.png\",\"contentUrl\":\"http:\/\/idemag.com\/wp-content\/uploads\/2022\/06\/logo-idemag-con-subtexto-2.png\",\"width\":1200,\"height\":374,\"caption\":\"IDEMAG : Imanes y desarrollos magn\u00e9ticos S.L.\"},\"image\":{\"@id\":\"https:\/\/idemag.com\/#\/schema\/logo\/image\/\"},\"sameAs\":[\"http:\/\/www.facebook.com\/pages\/IMANES-Y-DESARROLLOS-MAGNTICOS\/102898016414303\",\"http:\/\/www.youtube.com\/user\/idemag?feature=watch\"]},{\"@type\":\"Person\",\"@id\":\"https:\/\/idemag.com\/#\/schema\/person\/b4ef2868a775decc7bf2fe66af22f264\",\"name\":\"kopelia\",\"image\":{\"@type\":\"ImageObject\",\"inLanguage\":\"fr-FR\",\"@id\":\"https:\/\/idemag.com\/#\/schema\/person\/image\/\",\"url\":\"https:\/\/secure.gravatar.com\/avatar\/fe8260474c9e6cdc814ace47e05ef80a?s=96&d=mm&r=g\",\"contentUrl\":\"https:\/\/secure.gravatar.com\/avatar\/fe8260474c9e6cdc814ace47e05ef80a?s=96&d=mm&r=g\",\"caption\":\"kopelia\"},\"url\":\"https:\/\/idemag.com\/fr\/author\/kopelia\/\"}]}<\/script>\n<!-- \/ Yoast SEO plugin. -->","yoast_head_json":{"title":"Idemag \u00e0 l'IFAT 2024 Munich - Fabricaci\u00f3n de sistemas magn\u00e9ticos | Idemag","robots":{"index":"index","follow":"follow","max-snippet":"max-snippet:-1","max-image-preview":"max-image-preview:large","max-video-preview":"max-video-preview:-1"},"canonical":"https:\/\/idemag.com\/fr\/idemag-a-lifat-2024-munich\/","og_locale":"fr_FR","og_type":"article","og_title":"Idemag \u00e0 l'IFAT 2024 Munich - Fabricaci\u00f3n de sistemas magn\u00e9ticos | Idemag","og_description":"Nous rencontrerons des acteurs de l&rsquo;industrie, des recycleurs et des fournisseurs de produits ferreux et non ferreux, qui b\u00e9n\u00e9ficient des machines et \u00e9quipements de s\u00e9paration magn\u00e9tique que nous proposons. Je te vois l\u00e0-bas! L&rsquo;IFAT \u00e0 Munich, en Allemagne, est le salon leader mondial avec une surface d&rsquo;exposition vraiment impressionnante. Depuis de nombreuses d\u00e9cennies, il s&rsquo;est [&hellip;]","og_url":"https:\/\/idemag.com\/fr\/idemag-a-lifat-2024-munich\/","og_site_name":"Fabricaci\u00f3n de sistemas magn\u00e9ticos | Idemag","article_publisher":"http:\/\/www.facebook.com\/pages\/IMANES-Y-DESARROLLOS-MAGNTICOS\/102898016414303","article_published_time":"2024-04-04T11:44:54+00:00","article_modified_time":"2024-04-05T10:23:28+00:00","og_image":[{"width":798,"height":401,"url":"https:\/\/idemag.com\/wp-content\/uploads\/2024\/04\/IFAT-Logo-Munich-RGB_red2-1.jpg","type":"image\/jpeg"}],"author":"kopelia","twitter_card":"summary_large_image","twitter_misc":{"\u00c9crit par":"kopelia"},"schema":{"@context":"https:\/\/schema.org","@graph":[{"@type":"Article","@id":"https:\/\/idemag.com\/fr\/idemag-a-lifat-2024-munich\/#article","isPartOf":{"@id":"https:\/\/idemag.com\/fr\/idemag-a-lifat-2024-munich\/"},"author":{"name":"kopelia","@id":"https:\/\/idemag.com\/#\/schema\/person\/b4ef2868a775decc7bf2fe66af22f264"},"headline":"Idemag \u00e0 l&rsquo;IFAT 2024 Munich","datePublished":"2024-04-04T11:44:54+00:00","dateModified":"2024-04-05T10:23:28+00:00","mainEntityOfPage":{"@id":"https:\/\/idemag.com\/fr\/idemag-a-lifat-2024-munich\/"},"wordCount":104,"publisher":{"@id":"https:\/\/idemag.com\/#organization"},"image":{"@id":"https:\/\/idemag.com\/fr\/idemag-a-lifat-2024-munich\/#primaryimage"},"thumbnailUrl":"https:\/\/idemag.com\/wp-content\/uploads\/2024\/04\/IFAT-Logo-Munich-RGB_red2-1.jpg","articleSection":["portada"],"inLanguage":"fr-FR"},{"@type":"WebPage","@id":"https:\/\/idemag.com\/fr\/idemag-a-lifat-2024-munich\/","url":"https:\/\/idemag.com\/fr\/idemag-a-lifat-2024-munich\/","name":"Idemag \u00e0 l'IFAT 2024 Munich - Fabricaci\u00f3n de sistemas magn\u00e9ticos | Idemag","isPartOf":{"@id":"https:\/\/idemag.com\/#website"},"primaryImageOfPage":{"@id":"https:\/\/idemag.com\/fr\/idemag-a-lifat-2024-munich\/#primaryimage"},"image":{"@id":"https:\/\/idemag.com\/fr\/idemag-a-lifat-2024-munich\/#primaryimage"},"thumbnailUrl":"https:\/\/idemag.com\/wp-content\/uploads\/2024\/04\/IFAT-Logo-Munich-RGB_red2-1.jpg","datePublished":"2024-04-04T11:44:54+00:00","dateModified":"2024-04-05T10:23:28+00:00","breadcrumb":{"@id":"https:\/\/idemag.com\/fr\/idemag-a-lifat-2024-munich\/#breadcrumb"},"inLanguage":"fr-FR","potentialAction":[{"@type":"ReadAction","target":["https:\/\/idemag.com\/fr\/idemag-a-lifat-2024-munich\/"]}]},{"@type":"ImageObject","inLanguage":"fr-FR","@id":"https:\/\/idemag.com\/fr\/idemag-a-lifat-2024-munich\/#primaryimage","url":"https:\/\/idemag.com\/wp-content\/uploads\/2024\/04\/IFAT-Logo-Munich-RGB_red2-1.jpg","contentUrl":"https:\/\/idemag.com\/wp-content\/uploads\/2024\/04\/IFAT-Logo-Munich-RGB_red2-1.jpg","width":798,"height":401},{"@type":"BreadcrumbList","@id":"https:\/\/idemag.com\/fr\/idemag-a-lifat-2024-munich\/#breadcrumb","itemListElement":[{"@type":"ListItem","position":1,"name":"Home","item":"https:\/\/idemag.com\/fr\/aimants-et-developpements-magnetiques\/"},{"@type":"ListItem","position":2,"name":"Idemag \u00e0 l&rsquo;IFAT 2024 Munich"}]},{"@type":"WebSite","@id":"https:\/\/idemag.com\/#website","url":"https:\/\/idemag.com\/","name":"Fabricaci\u00f3n de sistemas magn\u00e9ticos | Idemag","description":"Desarrollo y fabricaci\u00f3n de imanes y sistemas magn\u00e9ticos a medida","publisher":{"@id":"https:\/\/idemag.com\/#organization"},"potentialAction":[{"@type":"SearchAction","target":{"@type":"EntryPoint","urlTemplate":"https:\/\/idemag.com\/?s={search_term_string}"},"query-input":{"@type":"PropertyValueSpecification","valueRequired":true,"valueName":"search_term_string"}}],"inLanguage":"fr-FR"},{"@type":"Organization","@id":"https:\/\/idemag.com\/#organization","name":"IDEMAG : Imanes y desarrollos magn\u00e9ticos S.L.","url":"https:\/\/idemag.com\/","logo":{"@type":"ImageObject","inLanguage":"fr-FR","@id":"https:\/\/idemag.com\/#\/schema\/logo\/image\/","url":"http:\/\/idemag.com\/wp-content\/uploads\/2022\/06\/logo-idemag-con-subtexto-2.png","contentUrl":"http:\/\/idemag.com\/wp-content\/uploads\/2022\/06\/logo-idemag-con-subtexto-2.png","width":1200,"height":374,"caption":"IDEMAG : Imanes y desarrollos magn\u00e9ticos S.L."},"image":{"@id":"https:\/\/idemag.com\/#\/schema\/logo\/image\/"},"sameAs":["http:\/\/www.facebook.com\/pages\/IMANES-Y-DESARROLLOS-MAGNTICOS\/102898016414303","http:\/\/www.youtube.com\/user\/idemag?feature=watch"]},{"@type":"Person","@id":"https:\/\/idemag.com\/#\/schema\/person\/b4ef2868a775decc7bf2fe66af22f264","name":"kopelia","image":{"@type":"ImageObject","inLanguage":"fr-FR","@id":"https:\/\/idemag.com\/#\/schema\/person\/image\/","url":"https:\/\/secure.gravatar.com\/avatar\/fe8260474c9e6cdc814ace47e05ef80a?s=96&d=mm&r=g","contentUrl":"https:\/\/secure.gravatar.com\/avatar\/fe8260474c9e6cdc814ace47e05ef80a?s=96&d=mm&r=g","caption":"kopelia"},"url":"https:\/\/idemag.com\/fr\/author\/kopelia\/"}]}},"_links":{"self":[{"href":"https:\/\/idemag.com\/fr\/wp-json\/wp\/v2\/posts\/6494"}],"collection":[{"href":"https:\/\/idemag.com\/fr\/wp-json\/wp\/v2\/posts"}],"about":[{"href":"https:\/\/idemag.com\/fr\/wp-json\/wp\/v2\/types\/post"}],"author":[{"embeddable":true,"href":"https:\/\/idemag.com\/fr\/wp-json\/wp\/v2\/users\/1"}],"replies":[{"embeddable":true,"href":"https:\/\/idemag.com\/fr\/wp-json\/wp\/v2\/comments?post=6494"}],"version-history":[{"count":9,"href":"https:\/\/idemag.com\/fr\/wp-json\/wp\/v2\/posts\/6494\/revisions"}],"predecessor-version":[{"id":6512,"href":"https:\/\/idemag.com\/fr\/wp-json\/wp\/v2\/posts\/6494\/revisions\/6512"}],"wp:featuredmedia":[{"embeddable":true,"href":"https:\/\/idemag.com\/fr\/wp-json\/wp\/v2\/media\/6480"}],"wp:attachment":[{"href":"https:\/\/idemag.com\/fr\/wp-json\/wp\/v2\/media?parent=6494"}],"wp:term":[{"taxonomy":"category","embeddable":true,"href":"https:\/\/idemag.com\/fr\/wp-json\/wp\/v2\/categories?post=6494"},{"taxonomy":"post_tag","embeddable":true,"href":"https:\/\/idemag.com\/fr\/wp-json\/wp\/v2\/tags?post=6494"}],"curies":[{"name":"wp","href":"https:\/\/api.w.org\/{rel}","templated":true}]}}